{"id":1292,"date":"2025-04-08T07:11:45","date_gmt":"2025-04-08T07:11:45","guid":{"rendered":"https:\/\/bylaforla.org\/werc-training-program-is-shaping-the-future-of-harm-reduction-work\/"},"modified":"2025-10-24T21:21:38","modified_gmt":"2025-10-24T21:21:38","slug":"el-programa-de-capacitacion-de-werc-esta-dando-forma-al-futuro-del-trabajo-de-reduccion-de-danos","status":"publish","type":"post","link":"https:\/\/bylaforla.org\/es\/el-programa-de-capacitacion-de-werc-esta-dando-forma-al-futuro-del-trabajo-de-reduccion-de-danos\/","title":{"rendered":"El programa de capacitaci\u00f3n de WERC est\u00e1 dando forma al futuro del trabajo de Reducci\u00f3n de Da\u00f1os."},"content":{"rendered":"\t\t<div data-elementor-type=\"wp-post\" data-elementor-id=\"1292\" class=\"elementor elementor-1292 elementor-879\">\n\t\t\t\t<div class=\"elementor-element elementor-element-1bd80ba e-flex e-con-boxed e-con e-parent\" data-id=\"1bd80ba\" data-element_type=\"container\" data-settings=\"{&quot;jet_parallax_layout_list&quot;:[]}\">\n\t\t\t\t\t<div class=\"e-con-inner\">\n\t\t\t\t<div class=\"elementor-element elementor-element-5554691 elementor-widget elementor-widget-text-editor\" data-id=\"5554691\" data-element_type=\"widget\" data-widget_type=\"text-editor.default\">\n\t\t\t\t<div class=\"elementor-widget-container\">\n\t\t\t\t\t\t\t\t\t<p>Elena Cruz is a 45-year-old Afro-Boriqua woman and former sex worker who is passionate about working in harm reduction. She recently became one of the first graduates of the newly launched Worker Education &amp; Resource Center (WERC) program, which is playing a critical role in transforming harm reduction services throughout Los Angeles.<\/p>\n<p><span style=\"font-size: 1.15rem;\">Cruz first became involved with the groundbreaking initiative while volunteering with The Sidewalk Project, a street-based harm reduction organization. Now she is continuing that work as a paid employee, thanks, in part, to the professional development she\u2019s received through WERC.<\/span><\/p>\n<p>Launched by the L.A. County Department of Health Services (DHS), the WERC program specializes in hands-on training that equips participants to work as harm reduction support specialists or supervisors. The program is made up of approximately 33% Latino participants. The eight to 10- week curriculum offers free, comprehensive instruction on essential topics like safer drug use, engaging unhoused community members, compassionate communication and working within social services.<\/p>\n<p>\u201cI\u2019m gaining confidence through the program,\u201d said Cruz, reflecting on her growth. Since joining The Sidewalk Project, she has taken on the role of managing the front reception area where she helps connect visitors with resources. \u201cEveryone who walks through the door needs something\u2014whether it&#8217;s a place to charge their phone, somewhere to sit or even a place to meditate. We provide a lot of things.\u201d<\/p>\n<p>Shoshanna Scholar, the director of the Harm Reduction Division for DHS, spoke to CAL\u00d3 News about the critical importance of programs like WERC and city-wide investments in harm reduction initiatives.<\/p>\n<p>Scholar noted that until recently, many organizations that focus on harm reduction were often underfunded and relied heavily on volunteers. Many of these volunteers, like Cruz, had lived experiences that informed their work.<\/p>\n<p>\u00abThe piece you can&#8217;t substitute is a lived experience,\u00bb Scholar states. \u00abWe wanted to make sure that we were hiring from the Skid Row community&#8230;and recruiting residents who have a long-term relationship connection with the area.\u00bb<\/p>\n<p>In recent years, Los Angeles County has intensified its efforts to develop a more comprehensive and inclusive strategy for public health. In 2023, the number of drug-related overdose and poisoning deaths in the county plateaued for the first time in a decade.<\/p>\n<p>A significant portion of the work has been hindered by the stigma surrounding harm reduction initiatives, even in places like California, which is generally considered less conservative. In 2022, Gov. Gavin Newsom vetoed a controversial bill that would have allowed San Francisco, Oakland and Los Angeles to launch trial supervised drug injection sites. Harm reduction advocates and experts argue that the most effective way to tackle this public health issue is to meet individuals where they are.<\/p><p>Soma Snakeoil, the executive director and co-founder of The Sidewalk Project, has been a strong supporter of Cruz throughout her journey in the job readiness program and urges political decision-makers to continue funding initiatives like WERC.<\/p>\n<p>Snakeoil, a veteran in the harm reduction field, has long been a fierce advocate for both sex workers and unhoused community members. She emphasizes that Cruz\u2019s success story is in part possible due to a \u201ccomplex network of people within LA County who are really trying to do something different.\u201d<\/p>\n<p>Snakeoil asserts that there are many different systems at play, crediting The Sidewall Project, funds from Measure J, the Amity Foundation and DHS. \u201cI hope that [Cruz\u2019s] story is a story that shows why we need to fund all of these programs, because it not only supports the individual, it supports a community of care and is cyclical in giving back.\u201d<\/p>\n<p>Now, as Cruz begins a new chapter as a paid employee, she is excited to continue the work she is so passionate about. With the continuation of the WERC program, the hope is that more graduates with lived experiences will step into roles that support people in need. \u00abHer lived experiences make her so good at her job,\u00bb said Snakeoil of Cruz\u2019s expertise.<\/p>\n<p>For graduates like Cruz, the WERC program not only brings the knowledge gained in the program but also a sense of purpose and commitment to their communities.<\/p>\n<p>\u201cI wish I had those services back then, because I would be more confident.\u201d Cruz reflects, \u201cI would be more in tune, like how I am now.\u201d<\/p>\t\t\t\t\t\t\t\t<\/div>\n\t\t\t\t<\/div>\n\t\t\t\t\t<\/div>\n\t\t\t\t<\/div>\n\t\t\t\t<\/div>\n\t\t","protected":false},"excerpt":{"rendered":"<p>Elena Cruz is a 45-year-old Afro-Boriqua woman and former sex worker who is passionate about working in harm reduction. She recently became one of the first graduates of the newly launched Worker Education &amp; Resource Center (WERC) program, which is playing a critical role in transforming harm reduction services throughout Los Angeles. Cruz first became [&hellip;]<\/p>\n","protected":false},"author":1,"featured_media":1218,"comment_status":"closed","ping_status":"closed","sticky":false,"template":"","format":"standard","meta":{"_acf_changed":false,"footnotes":""},"categories":[14],"tags":[],"class_list":["post-1292","post","type-post","status-publish","format-standard","has-post-thumbnail","hentry","category-news-es"],"acf":[],"yoast_head":"<!-- This site is optimized with the Yoast SEO plugin v26.2 - https:\/\/yoast.com\/wordpress\/plugins\/seo\/ -->\n<title>El programa de capacitaci\u00f3n de WERC est\u00e1 dando forma al futuro del trabajo de Reducci\u00f3n de Da\u00f1os. - By LA for LA<\/title>\n<meta name=\"robots\" content=\"index, follow, max-snippet:-1, max-image-preview:large, max-video-preview:-1\" \/>\n<link rel=\"canonical\" href=\"https:\/\/bylaforla.org\/es\/el-programa-de-capacitacion-de-werc-esta-dando-forma-al-futuro-del-trabajo-de-reduccion-de-danos\/\" \/>\n<meta property=\"og:locale\" content=\"es_ES\" \/>\n<meta property=\"og:type\" content=\"article\" \/>\n<meta property=\"og:title\" content=\"El programa de capacitaci\u00f3n de WERC est\u00e1 dando forma al futuro del trabajo de Reducci\u00f3n de Da\u00f1os. - By LA for LA\" \/>\n<meta property=\"og:description\" content=\"Elena Cruz is a 45-year-old Afro-Boriqua woman and former sex worker who is passionate about working in harm reduction. She recently became one of the first graduates of the newly launched Worker Education &amp; Resource Center (WERC) program, which is playing a critical role in transforming harm reduction services throughout Los Angeles. Cruz first became [&hellip;]\" \/>\n<meta property=\"og:url\" content=\"https:\/\/bylaforla.org\/es\/el-programa-de-capacitacion-de-werc-esta-dando-forma-al-futuro-del-trabajo-de-reduccion-de-danos\/\" \/>\n<meta property=\"og:site_name\" content=\"By LA for LA\" \/>\n<meta property=\"article:published_time\" content=\"2025-04-08T07:11:45+00:00\" \/>\n<meta property=\"article:modified_time\" content=\"2025-10-24T21:21:38+00:00\" \/>\n<meta property=\"og:image\" content=\"https:\/\/bylaforla.org\/wp-content\/uploads\/2025\/04\/news-bg-06.webp\" \/>\n\t<meta property=\"og:image:width\" content=\"1200\" \/>\n\t<meta property=\"og:image:height\" content=\"630\" \/>\n\t<meta property=\"og:image:type\" content=\"image\/webp\" \/>\n<meta name=\"author\" content=\"Administrator\" \/>\n<meta name=\"twitter:card\" content=\"summary_large_image\" \/>\n<meta name=\"twitter:label1\" content=\"Escrito por\" \/>\n\t<meta name=\"twitter:data1\" content=\"Administrator\" \/>\n\t<meta name=\"twitter:label2\" content=\"Tiempo de lectura\" \/>\n\t<meta name=\"twitter:data2\" content=\"4 minutos\" \/>\n<script type=\"application\/ld+json\" class=\"yoast-schema-graph\">{\"@context\":\"https:\/\/schema.org\",\"@graph\":[{\"@type\":\"Article\",\"@id\":\"https:\/\/bylaforla.org\/es\/el-programa-de-capacitacion-de-werc-esta-dando-forma-al-futuro-del-trabajo-de-reduccion-de-danos\/#article\",\"isPartOf\":{\"@id\":\"https:\/\/bylaforla.org\/es\/el-programa-de-capacitacion-de-werc-esta-dando-forma-al-futuro-del-trabajo-de-reduccion-de-danos\/\"},\"author\":{\"name\":\"Administrator\",\"@id\":\"https:\/\/bylaforla.org\/es\/#\/schema\/person\/3a39b4c5fa8572f16971ebdf64735d52\"},\"headline\":\"El programa de capacitaci\u00f3n de WERC est\u00e1 dando forma al futuro del trabajo de Reducci\u00f3n de Da\u00f1os.\",\"datePublished\":\"2025-04-08T07:11:45+00:00\",\"dateModified\":\"2025-10-24T21:21:38+00:00\",\"mainEntityOfPage\":{\"@id\":\"https:\/\/bylaforla.org\/es\/el-programa-de-capacitacion-de-werc-esta-dando-forma-al-futuro-del-trabajo-de-reduccion-de-danos\/\"},\"wordCount\":734,\"publisher\":{\"@id\":\"https:\/\/bylaforla.org\/es\/#organization\"},\"image\":{\"@id\":\"https:\/\/bylaforla.org\/es\/el-programa-de-capacitacion-de-werc-esta-dando-forma-al-futuro-del-trabajo-de-reduccion-de-danos\/#primaryimage\"},\"thumbnailUrl\":\"https:\/\/bylaforla.org\/wp-content\/uploads\/2025\/04\/news-bg-06.webp\",\"articleSection\":[\"News\"],\"inLanguage\":\"es\"},{\"@type\":\"WebPage\",\"@id\":\"https:\/\/bylaforla.org\/es\/el-programa-de-capacitacion-de-werc-esta-dando-forma-al-futuro-del-trabajo-de-reduccion-de-danos\/\",\"url\":\"https:\/\/bylaforla.org\/es\/el-programa-de-capacitacion-de-werc-esta-dando-forma-al-futuro-del-trabajo-de-reduccion-de-danos\/\",\"name\":\"El programa de capacitaci\u00f3n de WERC est\u00e1 dando forma al futuro del trabajo de Reducci\u00f3n de Da\u00f1os. - By LA for LA\",\"isPartOf\":{\"@id\":\"https:\/\/bylaforla.org\/es\/#website\"},\"primaryImageOfPage\":{\"@id\":\"https:\/\/bylaforla.org\/es\/el-programa-de-capacitacion-de-werc-esta-dando-forma-al-futuro-del-trabajo-de-reduccion-de-danos\/#primaryimage\"},\"image\":{\"@id\":\"https:\/\/bylaforla.org\/es\/el-programa-de-capacitacion-de-werc-esta-dando-forma-al-futuro-del-trabajo-de-reduccion-de-danos\/#primaryimage\"},\"thumbnailUrl\":\"https:\/\/bylaforla.org\/wp-content\/uploads\/2025\/04\/news-bg-06.webp\",\"datePublished\":\"2025-04-08T07:11:45+00:00\",\"dateModified\":\"2025-10-24T21:21:38+00:00\",\"breadcrumb\":{\"@id\":\"https:\/\/bylaforla.org\/es\/el-programa-de-capacitacion-de-werc-esta-dando-forma-al-futuro-del-trabajo-de-reduccion-de-danos\/#breadcrumb\"},\"inLanguage\":\"es\",\"potentialAction\":[{\"@type\":\"ReadAction\",\"target\":[\"https:\/\/bylaforla.org\/es\/el-programa-de-capacitacion-de-werc-esta-dando-forma-al-futuro-del-trabajo-de-reduccion-de-danos\/\"]}]},{\"@type\":\"ImageObject\",\"inLanguage\":\"es\",\"@id\":\"https:\/\/bylaforla.org\/es\/el-programa-de-capacitacion-de-werc-esta-dando-forma-al-futuro-del-trabajo-de-reduccion-de-danos\/#primaryimage\",\"url\":\"https:\/\/bylaforla.org\/wp-content\/uploads\/2025\/04\/news-bg-06.webp\",\"contentUrl\":\"https:\/\/bylaforla.org\/wp-content\/uploads\/2025\/04\/news-bg-06.webp\",\"width\":1200,\"height\":630,\"caption\":\"Una graduada del Programa del Centro de Educaci\u00f3n y Recursos para Trabajadores muestra con orgullo su certificado.\"},{\"@type\":\"BreadcrumbList\",\"@id\":\"https:\/\/bylaforla.org\/es\/el-programa-de-capacitacion-de-werc-esta-dando-forma-al-futuro-del-trabajo-de-reduccion-de-danos\/#breadcrumb\",\"itemListElement\":[{\"@type\":\"ListItem\",\"position\":1,\"name\":\"Home\",\"item\":\"https:\/\/bylaforla.org\/es\/\"},{\"@type\":\"ListItem\",\"position\":2,\"name\":\"El programa de capacitaci\u00f3n de WERC est\u00e1 dando forma al futuro del trabajo de Reducci\u00f3n de Da\u00f1os.\"}]},{\"@type\":\"WebSite\",\"@id\":\"https:\/\/bylaforla.org\/es\/#website\",\"url\":\"https:\/\/bylaforla.org\/es\/\",\"name\":\"By LA for LA\",\"description\":\"\",\"publisher\":{\"@id\":\"https:\/\/bylaforla.org\/es\/#organization\"},\"potentialAction\":[{\"@type\":\"SearchAction\",\"target\":{\"@type\":\"EntryPoint\",\"urlTemplate\":\"https:\/\/bylaforla.org\/es\/?s={search_term_string}\"},\"query-input\":{\"@type\":\"PropertyValueSpecification\",\"valueRequired\":true,\"valueName\":\"search_term_string\"}}],\"inLanguage\":\"es\"},{\"@type\":\"Organization\",\"@id\":\"https:\/\/bylaforla.org\/es\/#organization\",\"name\":\"By LA for LA\",\"url\":\"https:\/\/bylaforla.org\/es\/\",\"logo\":{\"@type\":\"ImageObject\",\"inLanguage\":\"es\",\"@id\":\"https:\/\/bylaforla.org\/es\/#\/schema\/logo\/image\/\",\"url\":\"https:\/\/bylaforla.org\/wp-content\/uploads\/2025\/03\/logo-white.svg\",\"contentUrl\":\"https:\/\/bylaforla.org\/wp-content\/uploads\/2025\/03\/logo-white.svg\",\"width\":70,\"height\":110,\"caption\":\"By LA for LA\"},\"image\":{\"@id\":\"https:\/\/bylaforla.org\/es\/#\/schema\/logo\/image\/\"}},{\"@type\":\"Person\",\"@id\":\"https:\/\/bylaforla.org\/es\/#\/schema\/person\/3a39b4c5fa8572f16971ebdf64735d52\",\"name\":\"Administrator\",\"image\":{\"@type\":\"ImageObject\",\"inLanguage\":\"es\",\"@id\":\"https:\/\/bylaforla.org\/es\/#\/schema\/person\/image\/\",\"url\":\"https:\/\/secure.gravatar.com\/avatar\/86977134bd4f44b79d2841325743d554b0b45dd0b21e11afc4fce6b9b32e2843?s=96&d=mm&r=g\",\"contentUrl\":\"https:\/\/secure.gravatar.com\/avatar\/86977134bd4f44b79d2841325743d554b0b45dd0b21e11afc4fce6b9b32e2843?s=96&d=mm&r=g\",\"caption\":\"Administrator\"},\"sameAs\":[\"https:\/\/bylaforla.org\"],\"url\":\"https:\/\/bylaforla.org\/es\/author\/administrator\/\"}]}<\/script>\n<!-- \/ Yoast SEO plugin. -->","yoast_head_json":{"title":"El programa de capacitaci\u00f3n de WERC est\u00e1 dando forma al futuro del trabajo de Reducci\u00f3n de Da\u00f1os. - By LA for LA","robots":{"index":"index","follow":"follow","max-snippet":"max-snippet:-1","max-image-preview":"max-image-preview:large","max-video-preview":"max-video-preview:-1"},"canonical":"https:\/\/bylaforla.org\/es\/el-programa-de-capacitacion-de-werc-esta-dando-forma-al-futuro-del-trabajo-de-reduccion-de-danos\/","og_locale":"es_ES","og_type":"article","og_title":"El programa de capacitaci\u00f3n de WERC est\u00e1 dando forma al futuro del trabajo de Reducci\u00f3n de Da\u00f1os. - By LA for LA","og_description":"Elena Cruz is a 45-year-old Afro-Boriqua woman and former sex worker who is passionate about working in harm reduction. She recently became one of the first graduates of the newly launched Worker Education &amp; Resource Center (WERC) program, which is playing a critical role in transforming harm reduction services throughout Los Angeles. Cruz first became [&hellip;]","og_url":"https:\/\/bylaforla.org\/es\/el-programa-de-capacitacion-de-werc-esta-dando-forma-al-futuro-del-trabajo-de-reduccion-de-danos\/","og_site_name":"By LA for LA","article_published_time":"2025-04-08T07:11:45+00:00","article_modified_time":"2025-10-24T21:21:38+00:00","og_image":[{"width":1200,"height":630,"url":"https:\/\/bylaforla.org\/wp-content\/uploads\/2025\/04\/news-bg-06.webp","type":"image\/webp"}],"author":"Administrator","twitter_card":"summary_large_image","twitter_misc":{"Escrito por":"Administrator","Tiempo de lectura":"4 minutos"},"schema":{"@context":"https:\/\/schema.org","@graph":[{"@type":"Article","@id":"https:\/\/bylaforla.org\/es\/el-programa-de-capacitacion-de-werc-esta-dando-forma-al-futuro-del-trabajo-de-reduccion-de-danos\/#article","isPartOf":{"@id":"https:\/\/bylaforla.org\/es\/el-programa-de-capacitacion-de-werc-esta-dando-forma-al-futuro-del-trabajo-de-reduccion-de-danos\/"},"author":{"name":"Administrator","@id":"https:\/\/bylaforla.org\/es\/#\/schema\/person\/3a39b4c5fa8572f16971ebdf64735d52"},"headline":"El programa de capacitaci\u00f3n de WERC est\u00e1 dando forma al futuro del trabajo de Reducci\u00f3n de Da\u00f1os.","datePublished":"2025-04-08T07:11:45+00:00","dateModified":"2025-10-24T21:21:38+00:00","mainEntityOfPage":{"@id":"https:\/\/bylaforla.org\/es\/el-programa-de-capacitacion-de-werc-esta-dando-forma-al-futuro-del-trabajo-de-reduccion-de-danos\/"},"wordCount":734,"publisher":{"@id":"https:\/\/bylaforla.org\/es\/#organization"},"image":{"@id":"https:\/\/bylaforla.org\/es\/el-programa-de-capacitacion-de-werc-esta-dando-forma-al-futuro-del-trabajo-de-reduccion-de-danos\/#primaryimage"},"thumbnailUrl":"https:\/\/bylaforla.org\/wp-content\/uploads\/2025\/04\/news-bg-06.webp","articleSection":["News"],"inLanguage":"es"},{"@type":"WebPage","@id":"https:\/\/bylaforla.org\/es\/el-programa-de-capacitacion-de-werc-esta-dando-forma-al-futuro-del-trabajo-de-reduccion-de-danos\/","url":"https:\/\/bylaforla.org\/es\/el-programa-de-capacitacion-de-werc-esta-dando-forma-al-futuro-del-trabajo-de-reduccion-de-danos\/","name":"El programa de capacitaci\u00f3n de WERC est\u00e1 dando forma al futuro del trabajo de Reducci\u00f3n de Da\u00f1os. - By LA for LA","isPartOf":{"@id":"https:\/\/bylaforla.org\/es\/#website"},"primaryImageOfPage":{"@id":"https:\/\/bylaforla.org\/es\/el-programa-de-capacitacion-de-werc-esta-dando-forma-al-futuro-del-trabajo-de-reduccion-de-danos\/#primaryimage"},"image":{"@id":"https:\/\/bylaforla.org\/es\/el-programa-de-capacitacion-de-werc-esta-dando-forma-al-futuro-del-trabajo-de-reduccion-de-danos\/#primaryimage"},"thumbnailUrl":"https:\/\/bylaforla.org\/wp-content\/uploads\/2025\/04\/news-bg-06.webp","datePublished":"2025-04-08T07:11:45+00:00","dateModified":"2025-10-24T21:21:38+00:00","breadcrumb":{"@id":"https:\/\/bylaforla.org\/es\/el-programa-de-capacitacion-de-werc-esta-dando-forma-al-futuro-del-trabajo-de-reduccion-de-danos\/#breadcrumb"},"inLanguage":"es","potentialAction":[{"@type":"ReadAction","target":["https:\/\/bylaforla.org\/es\/el-programa-de-capacitacion-de-werc-esta-dando-forma-al-futuro-del-trabajo-de-reduccion-de-danos\/"]}]},{"@type":"ImageObject","inLanguage":"es","@id":"https:\/\/bylaforla.org\/es\/el-programa-de-capacitacion-de-werc-esta-dando-forma-al-futuro-del-trabajo-de-reduccion-de-danos\/#primaryimage","url":"https:\/\/bylaforla.org\/wp-content\/uploads\/2025\/04\/news-bg-06.webp","contentUrl":"https:\/\/bylaforla.org\/wp-content\/uploads\/2025\/04\/news-bg-06.webp","width":1200,"height":630,"caption":"Una graduada del Programa del Centro de Educaci\u00f3n y Recursos para Trabajadores muestra con orgullo su certificado."},{"@type":"BreadcrumbList","@id":"https:\/\/bylaforla.org\/es\/el-programa-de-capacitacion-de-werc-esta-dando-forma-al-futuro-del-trabajo-de-reduccion-de-danos\/#breadcrumb","itemListElement":[{"@type":"ListItem","position":1,"name":"Home","item":"https:\/\/bylaforla.org\/es\/"},{"@type":"ListItem","position":2,"name":"El programa de capacitaci\u00f3n de WERC est\u00e1 dando forma al futuro del trabajo de Reducci\u00f3n de Da\u00f1os."}]},{"@type":"WebSite","@id":"https:\/\/bylaforla.org\/es\/#website","url":"https:\/\/bylaforla.org\/es\/","name":"By LA for LA","description":"","publisher":{"@id":"https:\/\/bylaforla.org\/es\/#organization"},"potentialAction":[{"@type":"SearchAction","target":{"@type":"EntryPoint","urlTemplate":"https:\/\/bylaforla.org\/es\/?s={search_term_string}"},"query-input":{"@type":"PropertyValueSpecification","valueRequired":true,"valueName":"search_term_string"}}],"inLanguage":"es"},{"@type":"Organization","@id":"https:\/\/bylaforla.org\/es\/#organization","name":"By LA for LA","url":"https:\/\/bylaforla.org\/es\/","logo":{"@type":"ImageObject","inLanguage":"es","@id":"https:\/\/bylaforla.org\/es\/#\/schema\/logo\/image\/","url":"https:\/\/bylaforla.org\/wp-content\/uploads\/2025\/03\/logo-white.svg","contentUrl":"https:\/\/bylaforla.org\/wp-content\/uploads\/2025\/03\/logo-white.svg","width":70,"height":110,"caption":"By LA for LA"},"image":{"@id":"https:\/\/bylaforla.org\/es\/#\/schema\/logo\/image\/"}},{"@type":"Person","@id":"https:\/\/bylaforla.org\/es\/#\/schema\/person\/3a39b4c5fa8572f16971ebdf64735d52","name":"Administrator","image":{"@type":"ImageObject","inLanguage":"es","@id":"https:\/\/bylaforla.org\/es\/#\/schema\/person\/image\/","url":"https:\/\/secure.gravatar.com\/avatar\/86977134bd4f44b79d2841325743d554b0b45dd0b21e11afc4fce6b9b32e2843?s=96&d=mm&r=g","contentUrl":"https:\/\/secure.gravatar.com\/avatar\/86977134bd4f44b79d2841325743d554b0b45dd0b21e11afc4fce6b9b32e2843?s=96&d=mm&r=g","caption":"Administrator"},"sameAs":["https:\/\/bylaforla.org"],"url":"https:\/\/bylaforla.org\/es\/author\/administrator\/"}]}},"_links":{"self":[{"href":"https:\/\/bylaforla.org\/es\/wp-json\/wp\/v2\/posts\/1292","targetHints":{"allow":["GET"]}}],"collection":[{"href":"https:\/\/bylaforla.org\/es\/wp-json\/wp\/v2\/posts"}],"about":[{"href":"https:\/\/bylaforla.org\/es\/wp-json\/wp\/v2\/types\/post"}],"author":[{"embeddable":true,"href":"https:\/\/bylaforla.org\/es\/wp-json\/wp\/v2\/users\/1"}],"replies":[{"embeddable":true,"href":"https:\/\/bylaforla.org\/es\/wp-json\/wp\/v2\/comments?post=1292"}],"version-history":[{"count":0,"href":"https:\/\/bylaforla.org\/es\/wp-json\/wp\/v2\/posts\/1292\/revisions"}],"wp:featuredmedia":[{"embeddable":true,"href":"https:\/\/bylaforla.org\/es\/wp-json\/wp\/v2\/media\/1218"}],"wp:attachment":[{"href":"https:\/\/bylaforla.org\/es\/wp-json\/wp\/v2\/media?parent=1292"}],"wp:term":[{"taxonomy":"category","embeddable":true,"href":"https:\/\/bylaforla.org\/es\/wp-json\/wp\/v2\/categories?post=1292"},{"taxonomy":"post_tag","embeddable":true,"href":"https:\/\/bylaforla.org\/es\/wp-json\/wp\/v2\/tags?post=1292"}],"curies":[{"name":"wp","href":"https:\/\/api.w.org\/{rel}","templated":true}]}}